{"id":8549,"date":"2014-04-30T11:10:19","date_gmt":"2014-04-30T11:10:19","guid":{"rendered":"http:\/\/www.ledizioni.it\/?p=8549"},"modified":"2014-04-30T11:21:06","modified_gmt":"2014-04-30T11:21:06","slug":"ledizioni-salone-internazionale-libro-torino","status":"publish","type":"post","link":"https:\/\/www.ledizioni.it\/en\/ledizioni-salone-internazionale-libro-torino\/","title":{"rendered":"Ledizioni al Salone Internazionale del Libro di Torino"},"content":{"rendered":"<p>&nbsp;<\/p>\n<p style=\"text-align: center;\"><a href=\"http:\/\/www.ledizioni.it\/stag\/wp-content\/uploads\/2014\/04\/saloneinternazionaledellibrotorino_20141.jpg\"><img fetchpriority=\"high\" decoding=\"async\" class=\"alignnone size-full wp-image-8551\" alt=\"saloneinternazionaledellibrotorino_2014\" src=\"http:\/\/www.ledizioni.it\/stag\/wp-content\/uploads\/2014\/04\/saloneinternazionaledellibrotorino_20141.jpg\" width=\"572\" height=\"180\" srcset=\"https:\/\/www.ledizioni.it\/stag\/wp-content\/uploads\/2014\/04\/saloneinternazionaledellibrotorino_20141.jpg 572w, https:\/\/www.ledizioni.it\/stag\/wp-content\/uploads\/2014\/04\/saloneinternazionaledellibrotorino_20141-300x94.jpg 300w, https:\/\/www.ledizioni.it\/stag\/wp-content\/uploads\/2014\/04\/saloneinternazionaledellibrotorino_20141-400x126.jpg 400w, https:\/\/www.ledizioni.it\/stag\/wp-content\/uploads\/2014\/04\/saloneinternazionaledellibrotorino_20141-183x58.jpg 183w, https:\/\/www.ledizioni.it\/stag\/wp-content\/uploads\/2014\/04\/saloneinternazionaledellibrotorino_20141-369x116.jpg 369w\" sizes=\"(max-width: 572px) 100vw, 572px\" \/><\/a><\/p>\n<p style=\"text-align: justify;\">Ledizioni quest&#8217;anno sar\u00e0 presente al <a href=\"http:\/\/www.salonelibro.it\/it\/\" target=\"_blank\">Salone Internazionale del Libro di Torino<\/a> attraverso una serie di eventi.<\/p>\n<p style=\"text-align: justify;\">Vi invitiamo dunque a venire a trovarci in occasione dei seguenti incontri:<\/p>\n<h2><a href=\"http:\/\/www.salonelibro.it\/it\/programma\/details\/5174-Striscia-Business.html\" target=\"_blank\">Gioved\u00ec 8 maggio, ore 12.00 &#8211; Striscia Business &#8211; L&#8217;incubatore<\/a><br \/>\n<a href=\"http:\/\/www.salonelibro.it\/it\/programma\/details\/5174-Striscia-Business.html\" target=\"_blank\">Canali di distribuzione digitale per i piccoli editori \u00a0<\/a><\/h2>\n<div>\n<div>\n<div><strong>Incontro professionale<\/strong><\/div>\n<\/div>\n<div><strong>a cura di<\/strong><\/div>\n<div>\n<div>SALONE DEL LIBRO<\/div>\n<div><a href=\"http:\/\/www.salonelibro.it\/it\/espositori\/elenco-espositori-2014.html?view=elem&amp;id=8&amp;cid=4123\">AIB &#8211; ASSOCIAZIONE ITALIANA BIBLIOTECHE &#8211; SEZIONE PIEMONTE<\/a><\/div>\n<\/div>\n<\/div>\n<div>\n<div><strong>Partecipanti:<\/strong><\/div>\n<div>\n<div>Lorenzo Armando<\/div>\n<div>Maria Cassella<\/div>\n<div>Nicola Cavalli (Ledizioni)<\/div>\n<div>\u00a0<a href=\"http:\/\/www.salonelibro.it\/images\/stories\/sale_lingotto\/Incubatore\/14_Incubatore.jpg\" rel=\"fancybox-sigplus_5df0cb1229cdb0458741d95bea8c46de\"><img decoding=\"async\" id=\"sigplus_5df0cb1229cdb0458741d95bea8c46de_img0000\" alt=\"\" src=\"http:\/\/www.salonelibro.it\/cache\/preview\/e8bf4dc5200038462638c1b5e44085ca.jpg\" width=\"240\" height=\"151\" \/><\/a><\/div>\n<div>\n<h2 class=\"contentheading\"><a href=\"http:\/\/www.salonelibro.it\/it\/programma\/details\/5512-OpenEdition-Italia-innovazione-e-business-per-case-editrici-e-riviste-nel-settore-delle-scienze-umane-e-sociali.html\" target=\"_blank\">Domenica 11 maggio, ore 11.00 &#8211; OpenEdition Italia: innovazione e business per case editrici e riviste nel settore delle scienze umane e sociali &#8211; Book to the future<\/a><\/h2>\n<div class=\"description event_desc\">\n<div class=\"organization\" style=\"text-align: justify;\">\n<div class=\"organization_dt\">\n<div><strong>Convegno<\/strong><\/div>\n<p><strong>a cura di<br \/>\n<\/strong><a href=\"http:\/\/www.salonelibro.it\/it\/espositori\/elenco-espositori-2014.html?view=elem&amp;id=8&amp;cid=4338\">OPEN EDITION<br \/>\n<\/a><strong>Partecipanti:<br \/>\n<\/strong>Lorenzo Armando<br \/>\nAntonio Attisani<br \/>\nNicola Cavalli (Ledizioni)<br \/>\nElena Giglia<br \/>\nPierre Mounier<br \/>\nUgo Rosenberg<\/p>\n<\/div>\n<\/div>\n<div style=\"text-align: justify;\">Editori, direttori di riviste e bibliotecari a confronto con la proposta della piattaforma digitale europea OpenEdition, un\u2019infrastruttura e un portale dedicati all\u2019edizione digitale delle scienze umane e sociali, che a vario titolo hanno gi\u00e0 avuto modo di conoscere e sperimentare.<\/div>\n<div style=\"text-align: justify;\">Alla tavola rotonda, animata da Lorenzo Armando, coordinatore di OpenEdition Italia, parteciperanno Nicola Cavalli, direttore di Ledizioni, Ugo Rosenberg, della casa editrice Rosenberg&amp;Sellier, Antonio Attisani, direttore della rivista di teatro \u00abMimesis Journal\u00bb, Elena Giglia, responsabile dei progetti Open Access all\u2019Universit\u00e0 di Torino, e Pierre Mounier, vicedirettore del Cl\u00e9o, il Centre pour l\u2019\u00e9dition \u00e9l\u00e9ctronique che ha sviluppato la piattaforma OpenEdition.<\/div>\n<\/div>\n<p><a href=\"http:\/\/www.salonelibro.it\/images\/stories\/sale_lingotto\/BooktotheFuture\/3_Book_to_the_Future.jpg\" rel=\"fancybox-sigplus_dcc7a7260a8e1c136f475f2c5cea3c8a\"><img decoding=\"async\" id=\"sigplus_dcc7a7260a8e1c136f475f2c5cea3c8a_img0000\" alt=\"\" src=\"http:\/\/www.salonelibro.it\/cache\/preview\/8aa9f471533115919cee7f5cd60d1f59.jpg\" width=\"240\" height=\"151\" \/><\/a><\/p>\n<\/div>\n<div>\n<p>&nbsp;<\/p>\n<h2><a href=\"http:\/\/www.salonelibro.it\/it\/programma\/details\/5542-La-ricerca-oltre-il-testo-Digital-Humanities-ed-editoria-digitale-al-bivio.html\" target=\"_blank\">Domenica 11 maggio, ore 20.00 &#8211; La ricerca oltre il testo: Digital Humanities ed editoria digitale al bivio &#8211; Book to the future\u00a0 <\/a><\/h2>\n<div>\n<div>\n<div><strong>Conferenza<\/strong><\/div>\n<div><strong>a cura di<\/strong><\/div>\n<div>\n<div>MeDiHum (Memoria Digitalis Humanistica) &#8211; Universit\u00e0 di Torino<\/div>\n<\/div>\n<\/div>\n<div>\n<div><strong>Partecipanti:<\/strong><\/div>\n<div>\n<div>Andrea Balbo<\/div>\n<div>Nicola Cavalli (Ledizioni)<\/div>\n<div>Maurizio Lana<\/div>\n<div>Enrico Pasini<\/div>\n<div>Maurizio Vivarelli<\/div>\n<\/div>\n<\/div>\n<\/div>\n<p><a href=\"http:\/\/www.salonelibro.it\/images\/stories\/sale_lingotto\/BooktotheFuture\/3_Book_to_the_Future.jpg\" rel=\"fancybox-sigplus_dcc7a7260a8e1c136f475f2c5cea3c8a\"><img decoding=\"async\" id=\"sigplus_dcc7a7260a8e1c136f475f2c5cea3c8a_img0000\" alt=\"\" src=\"http:\/\/www.salonelibro.it\/cache\/preview\/8aa9f471533115919cee7f5cd60d1f59.jpg\" width=\"240\" height=\"151\" \/><\/a><\/p>\n<\/div>\n<\/div>\n<\/div>","protected":false},"excerpt":{"rendered":"<p>&nbsp; Ledizioni quest&#8217;anno sar\u00e0 presente al Salone Internazionale del Libro di Torino attraverso una serie di eventi. Vi invitiamo dunque<\/p>","protected":false},"author":1,"featured_media":0,"comment_status":"open","ping_status":"open","sticky":false,"template":"","format":"standard","meta":{"_acf_changed":false,"_jetpack_memberships_contains_paid_content":false,"footnotes":""},"categories":[590],"tags":[825,208],"class_list":["post-8549","post","type-post","status-publish","format-standard","hentry","category-eventi","tag-salone-del-libro","tag-torino"],"acf":[],"yoast_head":"<!-- This site is optimized with the Yoast SEO plugin v27.4 - https:\/\/yoast.com\/product\/yoast-seo-wordpress\/ -->\n<title>Ledizioni al Salone Internazionale del Libro di Torino -<\/title>\n<meta name=\"description\" content=\"Ledizioni - Innovative Publishing. Casa editrice universitaria. Open Access. eBook, ePub. Creative Commons.\" \/>\n<meta name=\"robots\" content=\"index, follow, max-snippet:-1, max-image-preview:large, max-video-preview:-1\" \/>\n<link rel=\"canonical\" href=\"https:\/\/www.ledizioni.it\/en\/ledizioni-salone-internazionale-libro-torino\/\" \/>\n<meta property=\"og:locale\" content=\"en_GB\" \/>\n<meta property=\"og:type\" content=\"article\" \/>\n<meta property=\"og:title\" content=\"Ledizioni al Salone Internazionale del Libro di Torino -\" \/>\n<meta property=\"og:description\" content=\"Ledizioni - Innovative Publishing. Casa editrice universitaria. Open Access. eBook, ePub. Creative Commons.\" \/>\n<meta property=\"og:url\" content=\"https:\/\/www.ledizioni.it\/en\/ledizioni-salone-internazionale-libro-torino\/\" \/>\n<meta property=\"og:site_name\" content=\"Ledizioni\" \/>\n<meta property=\"article:publisher\" content=\"https:\/\/www.facebook.com\/pages\/Ledizioni-LediPublishing\/109120559173329\" \/>\n<meta property=\"article:published_time\" content=\"2014-04-30T11:10:19+00:00\" \/>\n<meta property=\"article:modified_time\" content=\"2014-04-30T11:21:06+00:00\" \/>\n<meta property=\"og:image\" content=\"http:\/\/www.ledizioni.it\/stag\/wp-content\/uploads\/2014\/04\/saloneinternazionaledellibrotorino_20141.jpg\" \/>\n<meta name=\"author\" content=\"admin\" \/>\n<meta name=\"twitter:card\" content=\"summary_large_image\" \/>\n<meta name=\"twitter:creator\" content=\"@ledizioni\" \/>\n<meta name=\"twitter:site\" content=\"@ledizioni\" \/>\n<meta name=\"twitter:label1\" content=\"Written by\" \/>\n\t<meta name=\"twitter:data1\" content=\"admin\" \/>\n\t<meta name=\"twitter:label2\" content=\"Estimated reading time\" \/>\n\t<meta name=\"twitter:data2\" content=\"1 minute\" \/>\n<script type=\"application\/ld+json\" class=\"yoast-schema-graph\">{\"@context\":\"https:\\\/\\\/schema.org\",\"@graph\":[{\"@type\":\"Article\",\"@id\":\"https:\\\/\\\/www.ledizioni.it\\\/ledizioni-salone-internazionale-libro-torino\\\/#article\",\"isPartOf\":{\"@id\":\"https:\\\/\\\/www.ledizioni.it\\\/ledizioni-salone-internazionale-libro-torino\\\/\"},\"author\":{\"name\":\"admin\",\"@id\":\"https:\\\/\\\/www.ledizioni.it\\\/#\\\/schema\\\/person\\\/55aa2f57a63577610c9b8b2c5b78a938\"},\"headline\":\"Ledizioni al Salone Internazionale del Libro di Torino\",\"datePublished\":\"2014-04-30T11:10:19+00:00\",\"dateModified\":\"2014-04-30T11:21:06+00:00\",\"mainEntityOfPage\":{\"@id\":\"https:\\\/\\\/www.ledizioni.it\\\/ledizioni-salone-internazionale-libro-torino\\\/\"},\"wordCount\":278,\"commentCount\":0,\"publisher\":{\"@id\":\"https:\\\/\\\/www.ledizioni.it\\\/#organization\"},\"image\":{\"@id\":\"https:\\\/\\\/www.ledizioni.it\\\/ledizioni-salone-internazionale-libro-torino\\\/#primaryimage\"},\"thumbnailUrl\":\"http:\\\/\\\/www.ledizioni.it\\\/stag\\\/wp-content\\\/uploads\\\/2014\\\/04\\\/saloneinternazionaledellibrotorino_20141.jpg\",\"keywords\":[\"salone del libro\",\"Torino\"],\"articleSection\":[\"Eventi\"],\"inLanguage\":\"en-GB\",\"potentialAction\":[{\"@type\":\"CommentAction\",\"name\":\"Comment\",\"target\":[\"https:\\\/\\\/www.ledizioni.it\\\/ledizioni-salone-internazionale-libro-torino\\\/#respond\"]}]},{\"@type\":\"WebPage\",\"@id\":\"https:\\\/\\\/www.ledizioni.it\\\/ledizioni-salone-internazionale-libro-torino\\\/\",\"url\":\"https:\\\/\\\/www.ledizioni.it\\\/ledizioni-salone-internazionale-libro-torino\\\/\",\"name\":\"Ledizioni al Salone Internazionale del Libro di Torino -\",\"isPartOf\":{\"@id\":\"https:\\\/\\\/www.ledizioni.it\\\/#website\"},\"primaryImageOfPage\":{\"@id\":\"https:\\\/\\\/www.ledizioni.it\\\/ledizioni-salone-internazionale-libro-torino\\\/#primaryimage\"},\"image\":{\"@id\":\"https:\\\/\\\/www.ledizioni.it\\\/ledizioni-salone-internazionale-libro-torino\\\/#primaryimage\"},\"thumbnailUrl\":\"http:\\\/\\\/www.ledizioni.it\\\/stag\\\/wp-content\\\/uploads\\\/2014\\\/04\\\/saloneinternazionaledellibrotorino_20141.jpg\",\"datePublished\":\"2014-04-30T11:10:19+00:00\",\"dateModified\":\"2014-04-30T11:21:06+00:00\",\"description\":\"Ledizioni - Innovative Publishing. Casa editrice universitaria. Open Access. eBook, ePub. Creative Commons.\",\"inLanguage\":\"en-GB\",\"potentialAction\":[{\"@type\":\"ReadAction\",\"target\":[\"https:\\\/\\\/www.ledizioni.it\\\/ledizioni-salone-internazionale-libro-torino\\\/\"]}]},{\"@type\":\"ImageObject\",\"inLanguage\":\"en-GB\",\"@id\":\"https:\\\/\\\/www.ledizioni.it\\\/ledizioni-salone-internazionale-libro-torino\\\/#primaryimage\",\"url\":\"http:\\\/\\\/www.ledizioni.it\\\/stag\\\/wp-content\\\/uploads\\\/2014\\\/04\\\/saloneinternazionaledellibrotorino_20141.jpg\",\"contentUrl\":\"http:\\\/\\\/www.ledizioni.it\\\/stag\\\/wp-content\\\/uploads\\\/2014\\\/04\\\/saloneinternazionaledellibrotorino_20141.jpg\"},{\"@type\":\"WebSite\",\"@id\":\"https:\\\/\\\/www.ledizioni.it\\\/#website\",\"url\":\"https:\\\/\\\/www.ledizioni.it\\\/\",\"name\":\"Ledizioni\",\"description\":\"The Innovative LediPublishing Company - Casa Editrice Universitaria\",\"publisher\":{\"@id\":\"https:\\\/\\\/www.ledizioni.it\\\/#organization\"},\"potentialAction\":[{\"@type\":\"SearchAction\",\"target\":{\"@type\":\"EntryPoint\",\"urlTemplate\":\"https:\\\/\\\/www.ledizioni.it\\\/?s={search_term_string}\"},\"query-input\":{\"@type\":\"PropertyValueSpecification\",\"valueRequired\":true,\"valueName\":\"search_term_string\"}}],\"inLanguage\":\"en-GB\"},{\"@type\":\"Organization\",\"@id\":\"https:\\\/\\\/www.ledizioni.it\\\/#organization\",\"name\":\"Ledizioni\",\"url\":\"https:\\\/\\\/www.ledizioni.it\\\/\",\"logo\":{\"@type\":\"ImageObject\",\"inLanguage\":\"en-GB\",\"@id\":\"https:\\\/\\\/www.ledizioni.it\\\/#\\\/schema\\\/logo\\\/image\\\/\",\"url\":\"https:\\\/\\\/www.ledizioni.it\\\/stag\\\/wp-content\\\/uploads\\\/2023\\\/10\\\/newlogoledizioni500x110_2-1.jpg\",\"contentUrl\":\"https:\\\/\\\/www.ledizioni.it\\\/stag\\\/wp-content\\\/uploads\\\/2023\\\/10\\\/newlogoledizioni500x110_2-1.jpg\",\"width\":354,\"height\":87,\"caption\":\"Ledizioni\"},\"image\":{\"@id\":\"https:\\\/\\\/www.ledizioni.it\\\/#\\\/schema\\\/logo\\\/image\\\/\"},\"sameAs\":[\"https:\\\/\\\/www.facebook.com\\\/pages\\\/Ledizioni-LediPublishing\\\/109120559173329\",\"https:\\\/\\\/x.com\\\/ledizioni\"]},{\"@type\":\"Person\",\"@id\":\"https:\\\/\\\/www.ledizioni.it\\\/#\\\/schema\\\/person\\\/55aa2f57a63577610c9b8b2c5b78a938\",\"name\":\"admin\",\"image\":{\"@type\":\"ImageObject\",\"inLanguage\":\"en-GB\",\"@id\":\"https:\\\/\\\/secure.gravatar.com\\\/avatar\\\/59d69a331c77f90ad2f110df39af819b8084add556586ceeeb1d886a228e59e4?s=96&d=mm&r=g\",\"url\":\"https:\\\/\\\/secure.gravatar.com\\\/avatar\\\/59d69a331c77f90ad2f110df39af819b8084add556586ceeeb1d886a228e59e4?s=96&d=mm&r=g\",\"contentUrl\":\"https:\\\/\\\/secure.gravatar.com\\\/avatar\\\/59d69a331c77f90ad2f110df39af819b8084add556586ceeeb1d886a228e59e4?s=96&d=mm&r=g\",\"caption\":\"admin\"},\"url\":\"https:\\\/\\\/www.ledizioni.it\\\/en\\\/author\\\/admin\\\/\"}]}<\/script>\n<!-- \/ Yoast SEO plugin. -->","yoast_head_json":{"title":"Ledizioni al Salone Internazionale del Libro di Torino -","description":"Ledizioni - Innovative Publishing. Casa editrice universitaria. Open Access. eBook, ePub. Creative Commons.","robots":{"index":"index","follow":"follow","max-snippet":"max-snippet:-1","max-image-preview":"max-image-preview:large","max-video-preview":"max-video-preview:-1"},"canonical":"https:\/\/www.ledizioni.it\/en\/ledizioni-salone-internazionale-libro-torino\/","og_locale":"en_GB","og_type":"article","og_title":"Ledizioni al Salone Internazionale del Libro di Torino -","og_description":"Ledizioni - Innovative Publishing. Casa editrice universitaria. Open Access. eBook, ePub. Creative Commons.","og_url":"https:\/\/www.ledizioni.it\/en\/ledizioni-salone-internazionale-libro-torino\/","og_site_name":"Ledizioni","article_publisher":"https:\/\/www.facebook.com\/pages\/Ledizioni-LediPublishing\/109120559173329","article_published_time":"2014-04-30T11:10:19+00:00","article_modified_time":"2014-04-30T11:21:06+00:00","og_image":[{"url":"http:\/\/www.ledizioni.it\/stag\/wp-content\/uploads\/2014\/04\/saloneinternazionaledellibrotorino_20141.jpg","type":"","width":"","height":""}],"author":"admin","twitter_card":"summary_large_image","twitter_creator":"@ledizioni","twitter_site":"@ledizioni","twitter_misc":{"Written by":"admin","Estimated reading time":"1 minute"},"schema":{"@context":"https:\/\/schema.org","@graph":[{"@type":"Article","@id":"https:\/\/www.ledizioni.it\/ledizioni-salone-internazionale-libro-torino\/#article","isPartOf":{"@id":"https:\/\/www.ledizioni.it\/ledizioni-salone-internazionale-libro-torino\/"},"author":{"name":"admin","@id":"https:\/\/www.ledizioni.it\/#\/schema\/person\/55aa2f57a63577610c9b8b2c5b78a938"},"headline":"Ledizioni al Salone Internazionale del Libro di Torino","datePublished":"2014-04-30T11:10:19+00:00","dateModified":"2014-04-30T11:21:06+00:00","mainEntityOfPage":{"@id":"https:\/\/www.ledizioni.it\/ledizioni-salone-internazionale-libro-torino\/"},"wordCount":278,"commentCount":0,"publisher":{"@id":"https:\/\/www.ledizioni.it\/#organization"},"image":{"@id":"https:\/\/www.ledizioni.it\/ledizioni-salone-internazionale-libro-torino\/#primaryimage"},"thumbnailUrl":"http:\/\/www.ledizioni.it\/stag\/wp-content\/uploads\/2014\/04\/saloneinternazionaledellibrotorino_20141.jpg","keywords":["salone del libro","Torino"],"articleSection":["Eventi"],"inLanguage":"en-GB","potentialAction":[{"@type":"CommentAction","name":"Comment","target":["https:\/\/www.ledizioni.it\/ledizioni-salone-internazionale-libro-torino\/#respond"]}]},{"@type":"WebPage","@id":"https:\/\/www.ledizioni.it\/ledizioni-salone-internazionale-libro-torino\/","url":"https:\/\/www.ledizioni.it\/ledizioni-salone-internazionale-libro-torino\/","name":"Ledizioni al Salone Internazionale del Libro di Torino -","isPartOf":{"@id":"https:\/\/www.ledizioni.it\/#website"},"primaryImageOfPage":{"@id":"https:\/\/www.ledizioni.it\/ledizioni-salone-internazionale-libro-torino\/#primaryimage"},"image":{"@id":"https:\/\/www.ledizioni.it\/ledizioni-salone-internazionale-libro-torino\/#primaryimage"},"thumbnailUrl":"http:\/\/www.ledizioni.it\/stag\/wp-content\/uploads\/2014\/04\/saloneinternazionaledellibrotorino_20141.jpg","datePublished":"2014-04-30T11:10:19+00:00","dateModified":"2014-04-30T11:21:06+00:00","description":"Ledizioni - Innovative Publishing. Casa editrice universitaria. Open Access. eBook, ePub. Creative Commons.","inLanguage":"en-GB","potentialAction":[{"@type":"ReadAction","target":["https:\/\/www.ledizioni.it\/ledizioni-salone-internazionale-libro-torino\/"]}]},{"@type":"ImageObject","inLanguage":"en-GB","@id":"https:\/\/www.ledizioni.it\/ledizioni-salone-internazionale-libro-torino\/#primaryimage","url":"http:\/\/www.ledizioni.it\/stag\/wp-content\/uploads\/2014\/04\/saloneinternazionaledellibrotorino_20141.jpg","contentUrl":"http:\/\/www.ledizioni.it\/stag\/wp-content\/uploads\/2014\/04\/saloneinternazionaledellibrotorino_20141.jpg"},{"@type":"WebSite","@id":"https:\/\/www.ledizioni.it\/#website","url":"https:\/\/www.ledizioni.it\/","name":"Ledizioni","description":"The Innovative LediPublishing Company - Casa Editrice Universitaria","publisher":{"@id":"https:\/\/www.ledizioni.it\/#organization"},"potentialAction":[{"@type":"SearchAction","target":{"@type":"EntryPoint","urlTemplate":"https:\/\/www.ledizioni.it\/?s={search_term_string}"},"query-input":{"@type":"PropertyValueSpecification","valueRequired":true,"valueName":"search_term_string"}}],"inLanguage":"en-GB"},{"@type":"Organization","@id":"https:\/\/www.ledizioni.it\/#organization","name":"Ledizioni","url":"https:\/\/www.ledizioni.it\/","logo":{"@type":"ImageObject","inLanguage":"en-GB","@id":"https:\/\/www.ledizioni.it\/#\/schema\/logo\/image\/","url":"https:\/\/www.ledizioni.it\/stag\/wp-content\/uploads\/2023\/10\/newlogoledizioni500x110_2-1.jpg","contentUrl":"https:\/\/www.ledizioni.it\/stag\/wp-content\/uploads\/2023\/10\/newlogoledizioni500x110_2-1.jpg","width":354,"height":87,"caption":"Ledizioni"},"image":{"@id":"https:\/\/www.ledizioni.it\/#\/schema\/logo\/image\/"},"sameAs":["https:\/\/www.facebook.com\/pages\/Ledizioni-LediPublishing\/109120559173329","https:\/\/x.com\/ledizioni"]},{"@type":"Person","@id":"https:\/\/www.ledizioni.it\/#\/schema\/person\/55aa2f57a63577610c9b8b2c5b78a938","name":"admin","image":{"@type":"ImageObject","inLanguage":"en-GB","@id":"https:\/\/secure.gravatar.com\/avatar\/59d69a331c77f90ad2f110df39af819b8084add556586ceeeb1d886a228e59e4?s=96&d=mm&r=g","url":"https:\/\/secure.gravatar.com\/avatar\/59d69a331c77f90ad2f110df39af819b8084add556586ceeeb1d886a228e59e4?s=96&d=mm&r=g","contentUrl":"https:\/\/secure.gravatar.com\/avatar\/59d69a331c77f90ad2f110df39af819b8084add556586ceeeb1d886a228e59e4?s=96&d=mm&r=g","caption":"admin"},"url":"https:\/\/www.ledizioni.it\/en\/author\/admin\/"}]}},"jetpack_featured_media_url":"","jetpack_sharing_enabled":true,"_links":{"self":[{"href":"https:\/\/www.ledizioni.it\/en\/wp-json\/wp\/v2\/posts\/8549","targetHints":{"allow":["GET"]}}],"collection":[{"href":"https:\/\/www.ledizioni.it\/en\/wp-json\/wp\/v2\/posts"}],"about":[{"href":"https:\/\/www.ledizioni.it\/en\/wp-json\/wp\/v2\/types\/post"}],"author":[{"embeddable":true,"href":"https:\/\/www.ledizioni.it\/en\/wp-json\/wp\/v2\/users\/1"}],"replies":[{"embeddable":true,"href":"https:\/\/www.ledizioni.it\/en\/wp-json\/wp\/v2\/comments?post=8549"}],"version-history":[{"count":4,"href":"https:\/\/www.ledizioni.it\/en\/wp-json\/wp\/v2\/posts\/8549\/revisions"}],"predecessor-version":[{"id":8556,"href":"https:\/\/www.ledizioni.it\/en\/wp-json\/wp\/v2\/posts\/8549\/revisions\/8556"}],"wp:attachment":[{"href":"https:\/\/www.ledizioni.it\/en\/wp-json\/wp\/v2\/media?parent=8549"}],"wp:term":[{"taxonomy":"category","embeddable":true,"href":"https:\/\/www.ledizioni.it\/en\/wp-json\/wp\/v2\/categories?post=8549"},{"taxonomy":"post_tag","embeddable":true,"href":"https:\/\/www.ledizioni.it\/en\/wp-json\/wp\/v2\/tags?post=8549"}],"curies":[{"name":"wp","href":"https:\/\/api.w.org\/{rel}","templated":true}]}}